{"totalCount":6,"payload":"\n    \n\n    \n        \n        \n    \n\n    \n\n    \u003Cdiv class=\u0022table__row qa-activities-row\u0022\u003E\n\n        \u003Cdiv class=\u0022table__cell\u0022\u003E\n            \u003Cdiv class=\u0022user flag flag--top\u0022\u003E\n                \u003Cdiv class=\u0022flag__image\u0022\u003E\n                    \u003Cdiv class=\u0022avatar avatar--L\u0022\u003E\n                        \u003Ca href=\u0022https:\/\/pt.deezercommunity.com\/members\/fabricio-vitorelli-franco-175542\u0022 class=\u0022qa-profilepicture\u0022\u003E\n                            \u003Cdiv class=\u0022profilepicture\u0022\u003E\n                                                                    \u003Cdiv class=\u0022default-avatar avatar-variant-2\u0022\u003E\n                                        F\n                                    \u003C\/div\u003E\n                                                            \u003C\/div\u003E\n                                                            \u003Cdiv class=\u0022profilelabel\u0022\u003E\n                                    \u003Cimg src=\u0022https:\/\/uploads-eu-west-1.insided.com\/deezer-pt\/attachment\/3fd217db-226e-41ca-8331-aa6159026f3f_thumb.png\u0022 title=\u0022One Hit Wonder\u0022 alt=\u0022One Hit Wonder\u0022\u003E\n                                \u003C\/div\u003E\n                                                    \u003C\/a\u003E\n                    \u003C\/div\u003E\n                \u003C\/div\u003E\n\n                \u003Cdiv class=\u0022user_data flag__body\u0022\u003E\n                    \u003Cdiv class=\u0022user_meta\u0022\u003E\n                                                                \u003Ca href=\u0022https:\/\/pt.deezercommunity.com\/members\/fabricio-vitorelli-franco-175542\u0022 class=\u0022username link link--quiet qa-username\u0022 title=\u0022Fabricio Vitorelli Franco\u0022\u003E\n                    Fabricio Vitorelli Franco\n                \u003C\/a\u003E\n              \u003Cspan class=\u0022useraction\u0022\u003Einiciou um t\u00f3pico com o t\u00edtulo\u003C\/span\u003E\n            \n        \n                        \u003Cspan class=\u0022text--meta\u0022\u003E\n                            \n\n\n\u003Ctime class=\u0022  qa-latest-post-time\u0022 datetime=\u00222025-02-05\u0022\u003E\n    1 ano atr\u00e1s\n\u003C\/time\u003E\n\n                        \u003C\/span\u003E\n                    \u003C\/div\u003E\n\n                                \u003Ch4\u003E\n                \u003Ca class=\u0022link--header thread-list-block__title\u0022 href=\u0022https:\/\/pt.deezercommunity.com\/questions\/15193\u0022\u003E\n                                        tem como baixar minha playlist e deixar em planilha excel ou em texto?\n                \u003C\/a\u003E\n            \u003C\/h4\u003E\n        \n                \u003C\/div\u003E\n            \u003C\/div\u003E\n        \u003C\/div\u003E\n\n    \u003C\/div\u003E\n\n\n    \n\n    \n        \n        \n    \n\n    \n\n    \u003Cdiv class=\u0022table__row qa-activities-row\u0022\u003E\n\n        \u003Cdiv class=\u0022table__cell\u0022\u003E\n            \u003Cdiv class=\u0022user flag flag--top\u0022\u003E\n                \u003Cdiv class=\u0022flag__image\u0022\u003E\n                    \u003Cdiv class=\u0022avatar avatar--L\u0022\u003E\n                        \u003Ca href=\u0022https:\/\/pt.deezercommunity.com\/members\/fabricio-vitorelli-franco-175542\u0022 class=\u0022qa-profilepicture\u0022\u003E\n                            \u003Cdiv class=\u0022profilepicture\u0022\u003E\n                                                                    \u003Cdiv class=\u0022default-avatar avatar-variant-2\u0022\u003E\n                                        F\n                                    \u003C\/div\u003E\n                                                            \u003C\/div\u003E\n                                                            \u003Cdiv class=\u0022profilelabel\u0022\u003E\n                                    \u003Cimg src=\u0022https:\/\/uploads-eu-west-1.insided.com\/deezer-pt\/attachment\/3fd217db-226e-41ca-8331-aa6159026f3f_thumb.png\u0022 title=\u0022One Hit Wonder\u0022 alt=\u0022One Hit Wonder\u0022\u003E\n                                \u003C\/div\u003E\n                                                    \u003C\/a\u003E\n                    \u003C\/div\u003E\n                \u003C\/div\u003E\n\n                \u003Cdiv class=\u0022user_data flag__body\u0022\u003E\n                    \u003Cdiv class=\u0022user_meta\u0022\u003E\n                                                                \u003Ca href=\u0022https:\/\/pt.deezercommunity.com\/members\/fabricio-vitorelli-franco-175542\u0022 class=\u0022username link link--quiet qa-username\u0022 title=\u0022Fabricio Vitorelli Franco\u0022\u003E\n                    Fabricio Vitorelli Franco\n                \u003C\/a\u003E\n              \u003Cspan class=\u0022useraction\u0022\u003Einiciou um t\u00f3pico com o t\u00edtulo\u003C\/span\u003E\n            \n        \n                        \u003Cspan class=\u0022text--meta\u0022\u003E\n                            \n\n\n\u003Ctime class=\u0022  qa-latest-post-time\u0022 datetime=\u00222025-02-05\u0022\u003E\n    1 ano atr\u00e1s\n\u003C\/time\u003E\n\n                        \u003C\/span\u003E\n                    \u003C\/div\u003E\n\n                                \u003Ch4\u003E\n                \u003Ca class=\u0022link--header thread-list-block__title\u0022 href=\u0022https:\/\/pt.deezercommunity.com\/questions\/15192\u0022\u003E\n                                        Ao mudar de plano na TIM  perco minhas playlists.\n                \u003C\/a\u003E\n            \u003C\/h4\u003E\n        \n                \u003C\/div\u003E\n            \u003C\/div\u003E\n        \u003C\/div\u003E\n\n    \u003C\/div\u003E\n\n\n    \n\n    \n        \n        \n    \n\n    \n\n    \u003Cdiv class=\u0022table__row qa-activities-row\u0022\u003E\n\n        \u003Cdiv class=\u0022table__cell\u0022\u003E\n            \u003Cdiv class=\u0022user flag flag--top\u0022\u003E\n                \u003Cdiv class=\u0022flag__image\u0022\u003E\n                    \u003Cdiv class=\u0022avatar avatar--L\u0022\u003E\n                        \u003Ca href=\u0022https:\/\/pt.deezercommunity.com\/members\/fabricio-vitorelli-franco-175542\u0022 class=\u0022qa-profilepicture\u0022\u003E\n                            \u003Cdiv class=\u0022profilepicture\u0022\u003E\n                                                                    \u003Cdiv class=\u0022default-avatar avatar-variant-2\u0022\u003E\n                                        F\n                                    \u003C\/div\u003E\n                                                            \u003C\/div\u003E\n                                                            \u003Cdiv class=\u0022profilelabel\u0022\u003E\n                                    \u003Cimg src=\u0022https:\/\/uploads-eu-west-1.insided.com\/deezer-pt\/attachment\/3fd217db-226e-41ca-8331-aa6159026f3f_thumb.png\u0022 title=\u0022One Hit Wonder\u0022 alt=\u0022One Hit Wonder\u0022\u003E\n                                \u003C\/div\u003E\n                                                    \u003C\/a\u003E\n                    \u003C\/div\u003E\n                \u003C\/div\u003E\n\n                \u003Cdiv class=\u0022user_data flag__body\u0022\u003E\n                    \u003Cdiv class=\u0022user_meta\u0022\u003E\n                                                                \u003Ca href=\u0022https:\/\/pt.deezercommunity.com\/members\/fabricio-vitorelli-franco-175542\u0022 class=\u0022username link link--quiet qa-username\u0022 title=\u0022Fabricio Vitorelli Franco\u0022\u003E\n                    Fabricio Vitorelli Franco\n                \u003C\/a\u003E\n              \u003Cspan class=\u0022useraction\u0022\u003Einiciou um t\u00f3pico com o t\u00edtulo\u003C\/span\u003E\n            \n        \n                        \u003Cspan class=\u0022text--meta\u0022\u003E\n                            \n\n\n\u003Ctime class=\u0022  qa-latest-post-time\u0022 datetime=\u00222022-11-13\u0022\u003E\n    3 anos atr\u00e1s\n\u003C\/time\u003E\n\n                        \u003C\/span\u003E\n                    \u003C\/div\u003E\n\n                                \u003Ch4\u003E\n                \u003Ca class=\u0022link--header thread-list-block__title\u0022 href=\u0022https:\/\/pt.deezercommunity.com\/conversations\/6153\u0022\u003E\n                                        sugest\u00e3o para ter hist\u00f3rico de m\u00fasicas que ouvi\n                \u003C\/a\u003E\n            \u003C\/h4\u003E\n        \n                \u003C\/div\u003E\n            \u003C\/div\u003E\n        \u003C\/div\u003E\n\n    \u003C\/div\u003E\n\n\n    \n\n    \n        \n        \n    \n\n    \n\n    \u003Cdiv class=\u0022table__row qa-activities-row\u0022\u003E\n\n        \u003Cdiv class=\u0022table__cell\u0022\u003E\n            \u003Cdiv class=\u0022user flag flag--top\u0022\u003E\n                \u003Cdiv class=\u0022flag__image\u0022\u003E\n                    \u003Cdiv class=\u0022avatar avatar--L\u0022\u003E\n                        \u003Ca href=\u0022https:\/\/pt.deezercommunity.com\/members\/fabricio-vitorelli-franco-175542\u0022 class=\u0022qa-profilepicture\u0022\u003E\n                            \u003Cdiv class=\u0022profilepicture\u0022\u003E\n                                                                    \u003Cdiv class=\u0022default-avatar avatar-variant-2\u0022\u003E\n                                        F\n                                    \u003C\/div\u003E\n                                                            \u003C\/div\u003E\n                                                            \u003Cdiv class=\u0022profilelabel\u0022\u003E\n                                    \u003Cimg src=\u0022https:\/\/uploads-eu-west-1.insided.com\/deezer-pt\/attachment\/3fd217db-226e-41ca-8331-aa6159026f3f_thumb.png\u0022 title=\u0022One Hit Wonder\u0022 alt=\u0022One Hit Wonder\u0022\u003E\n                                \u003C\/div\u003E\n                                                    \u003C\/a\u003E\n                    \u003C\/div\u003E\n                \u003C\/div\u003E\n\n                \u003Cdiv class=\u0022user_data flag__body\u0022\u003E\n                    \u003Cdiv class=\u0022user_meta\u0022\u003E\n                                                                \u003Ca href=\u0022https:\/\/pt.deezercommunity.com\/members\/fabricio-vitorelli-franco-175542\u0022 class=\u0022username link link--quiet qa-username\u0022 title=\u0022Fabricio Vitorelli Franco\u0022\u003E\n                    Fabricio Vitorelli Franco\n                \u003C\/a\u003E\n              \u003Cspan class=\u0022useraction\u0022\u003Einiciou um t\u00f3pico com o t\u00edtulo\u003C\/span\u003E\n            \n        \n                        \u003Cspan class=\u0022text--meta\u0022\u003E\n                            \n\n\n\u003Ctime class=\u0022  qa-latest-post-time\u0022 datetime=\u00222022-10-29\u0022\u003E\n    3 anos atr\u00e1s\n\u003C\/time\u003E\n\n                        \u003C\/span\u003E\n                    \u003C\/div\u003E\n\n                                \u003Ch4\u003E\n                \u003Ca class=\u0022link--header thread-list-block__title\u0022 href=\u0022https:\/\/pt.deezercommunity.com\/ideas\/563\u0022\u003E\n                                        ter como mover musicas entre playlist, assim ter como selecionar mais de 1 e ter como na playlist uma op\u00e7\u00e3o de classificar do modo manual\n                \u003C\/a\u003E\n            \u003C\/h4\u003E\n        \n                \u003C\/div\u003E\n            \u003C\/div\u003E\n        \u003C\/div\u003E\n\n    \u003C\/div\u003E\n\n\n    \n\n    \n        \n        \n    \n\n    \n\n    \u003Cdiv class=\u0022table__row qa-activities-row\u0022\u003E\n\n        \u003Cdiv class=\u0022table__cell\u0022\u003E\n            \u003Cdiv class=\u0022user flag flag--top\u0022\u003E\n                \u003Cdiv class=\u0022flag__image\u0022\u003E\n                    \u003Cdiv class=\u0022avatar avatar--L\u0022\u003E\n                        \u003Ca href=\u0022https:\/\/pt.deezercommunity.com\/members\/fabricio-vitorelli-franco-175542\u0022 class=\u0022qa-profilepicture\u0022\u003E\n                            \u003Cdiv class=\u0022profilepicture\u0022\u003E\n                                                                    \u003Cdiv class=\u0022default-avatar avatar-variant-2\u0022\u003E\n                                        F\n                                    \u003C\/div\u003E\n                                                            \u003C\/div\u003E\n                                                            \u003Cdiv class=\u0022profilelabel\u0022\u003E\n                                    \u003Cimg src=\u0022https:\/\/uploads-eu-west-1.insided.com\/deezer-pt\/attachment\/3fd217db-226e-41ca-8331-aa6159026f3f_thumb.png\u0022 title=\u0022One Hit Wonder\u0022 alt=\u0022One Hit Wonder\u0022\u003E\n                                \u003C\/div\u003E\n                                                    \u003C\/a\u003E\n                    \u003C\/div\u003E\n                \u003C\/div\u003E\n\n                \u003Cdiv class=\u0022user_data flag__body\u0022\u003E\n                    \u003Cdiv class=\u0022user_meta\u0022\u003E\n                                                                \u003Ca href=\u0022https:\/\/pt.deezercommunity.com\/members\/fabricio-vitorelli-franco-175542\u0022 class=\u0022username link link--quiet qa-username\u0022 title=\u0022Fabricio Vitorelli Franco\u0022\u003E\n                    Fabricio Vitorelli Franco\n                \u003C\/a\u003E\n              \u003Cspan class=\u0022useraction\u0022\u003Einiciou um t\u00f3pico com o t\u00edtulo\u003C\/span\u003E\n            \n        \n                        \u003Cspan class=\u0022text--meta\u0022\u003E\n                            \n\n\n\u003Ctime class=\u0022  qa-latest-post-time\u0022 datetime=\u00222022-04-10\u0022\u003E\n    4 anos atr\u00e1s\n\u003C\/time\u003E\n\n                        \u003C\/span\u003E\n                    \u003C\/div\u003E\n\n                                \u003Ch4\u003E\n                \u003Ca class=\u0022link--header thread-list-block__title\u0022 href=\u0022https:\/\/pt.deezercommunity.com\/ideas\/471\u0022\u003E\n                                        mover musicas de playlist ou deletar enquanto escuta\n                \u003C\/a\u003E\n            \u003C\/h4\u003E\n        \n                \u003C\/div\u003E\n            \u003C\/div\u003E\n        \u003C\/div\u003E\n\n    \u003C\/div\u003E\n\n\n    \n        \n        \n    \n\n    \n\n    \n\n    \u003Cdiv class=\u0022table__row qa-activities-row\u0022\u003E\n\n        \u003Cdiv class=\u0022table__cell\u0022\u003E\n            \u003Cdiv class=\u0022user flag flag--top\u0022\u003E\n                \u003Cdiv class=\u0022flag__image\u0022\u003E\n                    \u003Cdiv class=\u0022avatar avatar--L\u0022\u003E\n                        \u003Ca href=\u0022https:\/\/pt.deezercommunity.com\/members\/fabricio-vitorelli-franco-175542\u0022 class=\u0022qa-profilepicture\u0022\u003E\n                            \u003Cdiv class=\u0022profilepicture\u0022\u003E\n                                                                    \u003Cdiv class=\u0022default-avatar avatar-variant-2\u0022\u003E\n                                        F\n                                    \u003C\/div\u003E\n                                                            \u003C\/div\u003E\n                                                            \u003Cdiv class=\u0022profilelabel\u0022\u003E\n                                    \u003Cimg src=\u0022https:\/\/uploads-eu-west-1.insided.com\/deezer-pt\/attachment\/3fd217db-226e-41ca-8331-aa6159026f3f_thumb.png\u0022 title=\u0022One Hit Wonder\u0022 alt=\u0022One Hit Wonder\u0022\u003E\n                                \u003C\/div\u003E\n                                                    \u003C\/a\u003E\n                    \u003C\/div\u003E\n                \u003C\/div\u003E\n\n                \u003Cdiv class=\u0022user_data flag__body\u0022\u003E\n                    \u003Cdiv class=\u0022user_meta\u0022\u003E\n                                                                \u003Ca href=\u0022https:\/\/pt.deezercommunity.com\/members\/fabricio-vitorelli-franco-175542\u0022 class=\u0022username link link--quiet qa-username\u0022 title=\u0022Fabricio Vitorelli Franco\u0022\u003E\n                    Fabricio Vitorelli Franco\n                \u003C\/a\u003E\n                \u003Cspan class=\u0022useraction\u0022\u003Edeixou um coment\u00e1rio\u003C\/span\u003E\n            \n        \n                        \u003Cspan class=\u0022text--meta\u0022\u003E\n                            \n\n\n\u003Ctime class=\u0022  qa-latest-post-time\u0022 datetime=\u00222021-12-02\u0022\u003E\n    4 anos atr\u00e1s\n\u003C\/time\u003E\n\n                        \u003C\/span\u003E\n                    \u003C\/div\u003E\n\n                                \u003Ch4\u003E\n                \u003Ca class=\u0022link--header thread-list-block__title\u0022 href=\u0022https:\/\/pt.deezercommunity.com\/ideas\/29\/replies\/1759\u0022\u003E\n                    Deezer para Galaxy Watch - Tizen OS - Samsung\n                \u003C\/a\u003E\n            \u003C\/h4\u003E\n             \u003Ca class=\u0022link link--underline\u0022 href=\u0022https:\/\/pt.deezercommunity.com\/ideas\/29\/replies\/1759\u0022\u003E\n                 Veja coment\u00e1rio\n             \u003C\/a\u003E\n        \n                \u003C\/div\u003E\n            \u003C\/div\u003E\n        \u003C\/div\u003E\n\n    \u003C\/div\u003E\n\n\n"}